{"id":2673,"date":"2021-08-02T16:11:00","date_gmt":"2021-08-02T15:11:00","guid":{"rendered":"https:\/\/dev.codekraft.it\/ravaglioli.it\/?p=2673"},"modified":"2023-07-28T21:36:12","modified_gmt":"2023-07-28T20:36:12","slug":"les-portiques-de-bologne-ont-ete-classes-au-patrimoine-mondial-de-lunesco","status":"publish","type":"post","link":"https:\/\/dev.codekraft.it\/ravaglioli.it\/fr\/les-portiques-de-bologne-ont-ete-classes-au-patrimoine-mondial-de-lunesco\/","title":{"rendered":"Les portiques de Bologne ont \u00e9t\u00e9 class\u00e9s au patrimoine mondial de l&#8217;UNESCO"},"content":{"rendered":"\n<div class=\"wp-block-group alignfull has-global-padding is-layout-constrained wp-container-core-group-is-layout-4a5084fe wp-block-group-is-layout-constrained\" style=\"padding-top:0;padding-right:0;padding-bottom:0;padding-left:0\">\n<div class=\"wp-block-group alignfull has-global-padding is-layout-constrained wp-container-core-group-is-layout-46b365e2 wp-block-group-is-layout-constrained\" style=\"padding-top:0;padding-right:0;padding-bottom:0;padding-left:0;line-height:0\">\n<div class=\"wp-block-cover alignfull\" style=\"min-height:60vh;aspect-ratio:unset;\"><span aria-hidden=\"true\" class=\"wp-block-cover__background has-background-dim-0 has-background-dim\"><\/span><img loading=\"lazy\" decoding=\"async\" width=\"1920\" height=\"646\" src=\"https:\/\/dev.codekraft.it\/ravaglioli.it\/wp-content\/uploads\/2021\/08\/RAV-I-portici-di-Bologna-News-hero.jpg\" class=\"wp-block-cover__image-background wp-post-image\" alt=\"\" data-object-fit=\"cover\" srcset=\"https:\/\/dev.codekraft.it\/ravaglioli.it\/wp-content\/uploads\/2021\/08\/RAV-I-portici-di-Bologna-News-hero.jpg 1920w, https:\/\/dev.codekraft.it\/ravaglioli.it\/wp-content\/uploads\/2021\/08\/RAV-I-portici-di-Bologna-News-hero-570x192.jpg 570w, https:\/\/dev.codekraft.it\/ravaglioli.it\/wp-content\/uploads\/2021\/08\/RAV-I-portici-di-Bologna-News-hero-1200x404.jpg 1200w\" sizes=\"auto, (max-width: 1920px) 100vw, 1920px\" \/><div class=\"wp-block-cover__inner-container is-layout-flow wp-block-cover-is-layout-flow\">\n<p class=\"has-text-align-center has-large-font-size\"><\/p>\n<\/div><\/div>\n\n\n\n<div style=\"margin-top:0;margin-right:0;margin-bottom:0;margin-left:0\" class=\"wp-block-codekraft-oh-my-svg alignfull\"><div style=\"display:flex;max-width:inherit;width:100%\"><svg style=\"transform:rotate(0deg)\" width=\"100%\" viewBox=\"0 0 1920 8\" xmlns=\"http:\/\/www.w3.org\/2000\/svg\"><linearGradient gradientUnits=\"userSpaceOnUse\" y2=\"4\" y1=\"4\" x2=\"1919.999\" x1=\".001\" id=\"a\"><stop stop-color=\"#002d53\" offset=\"0\"><\/stop><stop stop-color=\"#0e98c3\" offset=\".084\"><\/stop><stop stop-color=\"#17bde7\" offset=\".175\"><\/stop><stop stop-color=\"#1fb8b8\" offset=\".234\"><\/stop><stop stop-color=\"#23b072\" offset=\".366\"><\/stop><stop stop-opacity=\".996\" stop-color=\"#95c837\" offset=\".493\"><\/stop><stop stop-opacity=\".996\" stop-color=\"#cdd53e\" offset=\".641\"><\/stop><stop stop-opacity=\".996\" stop-color=\"#eddf44\" offset=\".801\"><\/stop><stop stop-opacity=\".996\" stop-color=\"#56585c\" offset=\".95\"><\/stop><\/linearGradient><path opacity=\".996\" d=\"M0 0h1920v8H0z\" fill=\"url(#a)\"><\/path><\/svg><\/div><\/div>\n<\/div>\n<\/div>\n\n\n\n<div class=\"wp-block-group has-global-padding is-layout-constrained wp-container-core-group-is-layout-c40bd83a wp-block-group-is-layout-constrained\" style=\"padding-top:var(--wp--preset--spacing--80);padding-right:var(--wp--preset--spacing--60);padding-bottom:var(--wp--preset--spacing--80);padding-left:var(--wp--preset--spacing--60)\"><h1 style=\"font-style:normal;font-weight:800;\" class=\"has-text-align-left wp-block-post-title has-xx-large-font-size\">Les portiques de Bologne ont \u00e9t\u00e9 class\u00e9s au patrimoine mondial de l&#8217;UNESCO<\/h1>\n\n\n<div class=\"wp-block-group has-global-padding is-layout-constrained wp-block-group-is-layout-constrained\">\n<h3 class=\"wp-block-heading has-foreground-color has-text-color\" style=\"font-style:normal;font-weight:600\">L&#8217;Organisation des Nations Unies pour l&#8217;\u00e9ducation, la science et la culture (UNESCO) annonce que les ensembles de portiques, qui couvrent un tron\u00e7on total de 62 km dans la municipalit\u00e9 de Bologne, deviennent un&nbsp;<a href=\"https:\/\/whc.unesco.org\/en\/list\/1650\/\">site du patrimoine mondial de l&#8217;UNESCO.<\/a><\/h3>\n\n\n\n<p>Depuis le XIIe si\u00e8cle, les portiques sont consid\u00e9r\u00e9s comme le trait le plus distinctif de la ville de Bologne, un \u00e9l\u00e9ment d&#8217;identification reconnu non seulement par la communaut\u00e9 mais aussi par les visiteurs du monde entier.<\/p>\n\n\n\n<p>Ravaglioli a toujours \u00e9t\u00e9 tr\u00e8s fi\u00e8re d&#8217;\u00eatre une entreprise de Bologne, au point de choisir les portiques eux-m\u00eames comme l&#8217;un de ses visuels cl\u00e9s.<br>Aujourd&#8217;hui, nous sommes encore plus fiers de cette ville et heureux d&#8217;avoir la possibilit\u00e9 de diffuser son image sur tout le territoire EMEA.<\/p>\n<\/div>\n<\/div>\n","protected":false},"excerpt":{"rendered":"<p>L&#8217;Organisation des Nations Unies pour l&#8217;\u00e9ducation, la science et la culture (UNESCO) annonce que les ensembles de portiques, qui couvrent un tron\u00e7on total de 62 km dans la municipalit\u00e9 de Bologne, deviennent un&nbsp;site du patrimoine mondial de l&#8217;UNESCO. Depuis le XIIe si\u00e8cle, les portiques sont consid\u00e9r\u00e9s comme le trait le plus distinctif de la ville [&hellip;]<\/p>\n","protected":false},"author":1,"featured_media":2831,"comment_status":"open","ping_status":"open","sticky":false,"template":"","format":"standard","meta":{"footnotes":""},"categories":[99],"tags":[],"class_list":["post-2673","post","type-post","status-publish","format-standard","has-post-thumbnail","hentry","category-nouvelles"],"lang":"fr","translations":{"fr":2673,"en":2669,"it":2667,"de":2671,"es":2675,"ru":2677,"zh":75572,"ja":75573},"pll_sync_post":[],"_links":{"self":[{"href":"https:\/\/dev.codekraft.it\/ravaglioli.it\/wp-json\/wp\/v2\/posts\/2673","targetHints":{"allow":["GET"]}}],"collection":[{"href":"https:\/\/dev.codekraft.it\/ravaglioli.it\/wp-json\/wp\/v2\/posts"}],"about":[{"href":"https:\/\/dev.codekraft.it\/ravaglioli.it\/wp-json\/wp\/v2\/types\/post"}],"author":[{"embeddable":true,"href":"https:\/\/dev.codekraft.it\/ravaglioli.it\/wp-json\/wp\/v2\/users\/1"}],"replies":[{"embeddable":true,"href":"https:\/\/dev.codekraft.it\/ravaglioli.it\/wp-json\/wp\/v2\/comments?post=2673"}],"version-history":[{"count":0,"href":"https:\/\/dev.codekraft.it\/ravaglioli.it\/wp-json\/wp\/v2\/posts\/2673\/revisions"}],"wp:featuredmedia":[{"embeddable":true,"href":"https:\/\/dev.codekraft.it\/ravaglioli.it\/wp-json\/wp\/v2\/media\/2831"}],"wp:attachment":[{"href":"https:\/\/dev.codekraft.it\/ravaglioli.it\/wp-json\/wp\/v2\/media?parent=2673"}],"wp:term":[{"taxonomy":"category","embeddable":true,"href":"https:\/\/dev.codekraft.it\/ravaglioli.it\/wp-json\/wp\/v2\/categories?post=2673"},{"taxonomy":"post_tag","embeddable":true,"href":"https:\/\/dev.codekraft.it\/ravaglioli.it\/wp-json\/wp\/v2\/tags?post=2673"}],"curies":[{"name":"wp","href":"https:\/\/api.w.org\/{rel}","templated":true}]}}