{"id":2667,"date":"2021-08-02T16:11:00","date_gmt":"2021-08-02T15:11:00","guid":{"rendered":"https:\/\/dev.codekraft.it\/ravaglioli.it\/?p=2667"},"modified":"2023-07-28T21:35:26","modified_gmt":"2023-07-28T20:35:26","slug":"i-portici-di-bologna-hanno-ottenuto-lo-status-di-patrimonio-mondiale-dellunesco","status":"publish","type":"post","link":"https:\/\/dev.codekraft.it\/ravaglioli.it\/it\/i-portici-di-bologna-hanno-ottenuto-lo-status-di-patrimonio-mondiale-dellunesco\/","title":{"rendered":"I portici di Bologna hanno ottenuto lo status di patrimonio mondiale dell&#8217;UNESCO"},"content":{"rendered":"\n<div class=\"wp-block-group alignfull has-global-padding is-layout-constrained wp-container-core-group-is-layout-4a5084fe wp-block-group-is-layout-constrained\" style=\"padding-top:0;padding-right:0;padding-bottom:0;padding-left:0\">\n<div class=\"wp-block-group alignfull has-global-padding is-layout-constrained wp-container-core-group-is-layout-46b365e2 wp-block-group-is-layout-constrained\" style=\"padding-top:0;padding-right:0;padding-bottom:0;padding-left:0;line-height:0\">\n<div class=\"wp-block-cover alignfull\" style=\"min-height:60vh;aspect-ratio:unset;\"><span aria-hidden=\"true\" class=\"wp-block-cover__background has-background-dim-0 has-background-dim\"><\/span><img loading=\"lazy\" decoding=\"async\" width=\"1920\" height=\"646\" src=\"https:\/\/dev.codekraft.it\/ravaglioli.it\/wp-content\/uploads\/2021\/08\/RAV-I-portici-di-Bologna-News-hero.jpg\" class=\"wp-block-cover__image-background wp-post-image\" alt=\"\" data-object-fit=\"cover\" srcset=\"https:\/\/dev.codekraft.it\/ravaglioli.it\/wp-content\/uploads\/2021\/08\/RAV-I-portici-di-Bologna-News-hero.jpg 1920w, https:\/\/dev.codekraft.it\/ravaglioli.it\/wp-content\/uploads\/2021\/08\/RAV-I-portici-di-Bologna-News-hero-570x192.jpg 570w, https:\/\/dev.codekraft.it\/ravaglioli.it\/wp-content\/uploads\/2021\/08\/RAV-I-portici-di-Bologna-News-hero-1200x404.jpg 1200w\" sizes=\"auto, (max-width: 1920px) 100vw, 1920px\" \/><div class=\"wp-block-cover__inner-container is-layout-flow wp-block-cover-is-layout-flow\">\n<p class=\"has-text-align-center has-large-font-size\"><\/p>\n<\/div><\/div>\n\n\n\n<div style=\"margin-top:0;margin-right:0;margin-bottom:0;margin-left:0\" class=\"wp-block-codekraft-oh-my-svg alignfull\"><div style=\"display:flex;max-width:inherit;width:100%\"><svg style=\"transform:rotate(0deg)\" width=\"100%\" viewBox=\"0 0 1920 8\" xmlns=\"http:\/\/www.w3.org\/2000\/svg\"><linearGradient gradientUnits=\"userSpaceOnUse\" y2=\"4\" y1=\"4\" x2=\"1919.999\" x1=\".001\" id=\"a\"><stop stop-color=\"#002d53\" offset=\"0\"><\/stop><stop stop-color=\"#0e98c3\" offset=\".084\"><\/stop><stop stop-color=\"#17bde7\" offset=\".175\"><\/stop><stop stop-color=\"#1fb8b8\" offset=\".234\"><\/stop><stop stop-color=\"#23b072\" offset=\".366\"><\/stop><stop stop-opacity=\".996\" stop-color=\"#95c837\" offset=\".493\"><\/stop><stop stop-opacity=\".996\" stop-color=\"#cdd53e\" offset=\".641\"><\/stop><stop stop-opacity=\".996\" stop-color=\"#eddf44\" offset=\".801\"><\/stop><stop stop-opacity=\".996\" stop-color=\"#56585c\" offset=\".95\"><\/stop><\/linearGradient><path opacity=\".996\" d=\"M0 0h1920v8H0z\" fill=\"url(#a)\"><\/path><\/svg><\/div><\/div>\n<\/div>\n<\/div>\n\n\n\n<div class=\"wp-block-group has-global-padding is-layout-constrained wp-container-core-group-is-layout-c40bd83a wp-block-group-is-layout-constrained\" style=\"padding-top:var(--wp--preset--spacing--80);padding-right:var(--wp--preset--spacing--60);padding-bottom:var(--wp--preset--spacing--80);padding-left:var(--wp--preset--spacing--60)\"><h1 style=\"font-style:normal;font-weight:800;\" class=\"has-text-align-left wp-block-post-title has-extra-large-font-size\">I portici di Bologna hanno ottenuto lo status di patrimonio mondiale dell&#8217;UNESCO<\/h1>\n\n\n<div class=\"wp-block-group has-global-padding is-layout-constrained wp-block-group-is-layout-constrained\">\n<h3 class=\"wp-block-heading has-foreground-color has-text-color\" style=\"font-style:normal;font-weight:600\">L&#8217;organizzazione dell&#8217;UNESCO annuncia che il complesso dei portici, che coprono un tratto complessivo di 62 km all&#8217;interno del Comune di Bologna, sono diventati&nbsp;<a href=\"https:\/\/whc.unesco.org\/en\/list\/1650\/\">Patrimonio dell&#8217;Umanit\u00e0 UNESCO<\/a>.<\/h3>\n\n\n\n<p>Fin dal XII secolo i portici sono stati considerati la caratteristica pi\u00f9 distintiva della citt\u00e0 di Bologna; un elemento identificativo riconosciuto non solo dalla comunit\u00e0 ma anche dai visitatori di tutto il mondo.<\/p>\n\n\n\n<p>Ravaglioli \u00e8 sempre stata orgogliosa di essere un&#8217;azienda di origine bolognese al punto da scegliere proprio i portici come uno dei suoi key visual.<br>Oggi siamo ancora pi\u00f9 orgogliosi di questa citt\u00e0 e felici di avere la possibilit\u00e0 di diffondere la sua immagine in tutto il territorio EMEA.<\/p>\n<\/div>\n<\/div>\n","protected":false},"excerpt":{"rendered":"<p>L&#8217;organizzazione dell&#8217;UNESCO annuncia che il complesso dei portici, che coprono un tratto complessivo di 62 km all&#8217;interno del Comune di Bologna, sono diventati&nbsp;Patrimonio dell&#8217;Umanit\u00e0 UNESCO. Fin dal XII secolo i portici sono stati considerati la caratteristica pi\u00f9 distintiva della citt\u00e0 di Bologna; un elemento identificativo riconosciuto non solo dalla comunit\u00e0 ma anche dai visitatori di [&hellip;]<\/p>\n","protected":false},"author":1,"featured_media":2831,"comment_status":"open","ping_status":"open","sticky":false,"template":"","format":"standard","meta":{"footnotes":""},"categories":[91],"tags":[],"class_list":["post-2667","post","type-post","status-publish","format-standard","has-post-thumbnail","hentry","category-notizie"],"lang":"it","translations":{"it":2667,"en":2669,"de":2671,"fr":2673,"es":2675,"ru":2677,"zh":75572,"ja":75573},"pll_sync_post":[],"_links":{"self":[{"href":"https:\/\/dev.codekraft.it\/ravaglioli.it\/wp-json\/wp\/v2\/posts\/2667","targetHints":{"allow":["GET"]}}],"collection":[{"href":"https:\/\/dev.codekraft.it\/ravaglioli.it\/wp-json\/wp\/v2\/posts"}],"about":[{"href":"https:\/\/dev.codekraft.it\/ravaglioli.it\/wp-json\/wp\/v2\/types\/post"}],"author":[{"embeddable":true,"href":"https:\/\/dev.codekraft.it\/ravaglioli.it\/wp-json\/wp\/v2\/users\/1"}],"replies":[{"embeddable":true,"href":"https:\/\/dev.codekraft.it\/ravaglioli.it\/wp-json\/wp\/v2\/comments?post=2667"}],"version-history":[{"count":0,"href":"https:\/\/dev.codekraft.it\/ravaglioli.it\/wp-json\/wp\/v2\/posts\/2667\/revisions"}],"wp:featuredmedia":[{"embeddable":true,"href":"https:\/\/dev.codekraft.it\/ravaglioli.it\/wp-json\/wp\/v2\/media\/2831"}],"wp:attachment":[{"href":"https:\/\/dev.codekraft.it\/ravaglioli.it\/wp-json\/wp\/v2\/media?parent=2667"}],"wp:term":[{"taxonomy":"category","embeddable":true,"href":"https:\/\/dev.codekraft.it\/ravaglioli.it\/wp-json\/wp\/v2\/categories?post=2667"},{"taxonomy":"post_tag","embeddable":true,"href":"https:\/\/dev.codekraft.it\/ravaglioli.it\/wp-json\/wp\/v2\/tags?post=2667"}],"curies":[{"name":"wp","href":"https:\/\/api.w.org\/{rel}","templated":true}]}}